{"id":6744,"date":"2026-04-24T12:59:58","date_gmt":"2026-04-24T12:59:58","guid":{"rendered":"https:\/\/didieretrosalinde.be\/?p=6744"},"modified":"2026-04-24T13:03:19","modified_gmt":"2026-04-24T13:03:19","slug":"mariella-coiffeuse","status":"publish","type":"post","link":"https:\/\/didieretrosalinde.be\/fr\/mariella-coiffeuse\/","title":{"rendered":"Mariella, coiffeuse"},"content":{"rendered":"\n<p>La Maison Didier &amp; Rosalinde accueille Mariella au sein de son \u00e9quipe.<\/p>\n\n\n\n<p>Elle aborde la coiffure avec pr\u00e9cision et sens de l\u2019\u00e9quilibre, en accordant une attention particuli\u00e8re \u00e0 la mati\u00e8re du cheveu, au mouvement et \u00e0 l\u2019harmonie g\u00e9n\u00e9rale. Son travail s\u2019inscrit dans une approche sur mesure, o\u00f9 chaque d\u00e9tail compte.<\/p>\n\n\n\n<p>Coupe, brushing ou mise en forme, chaque prestation est pens\u00e9e pour s\u2019int\u00e9grer naturellement \u00e0 votre style, avec un r\u00e9sultat souple, \u00e9quilibr\u00e9 et facile \u00e0 vivre au quotidien.<\/p>\n\n\n\n<p>Mariella privil\u00e9gie des coiffures naturelles et durables, qui conservent leur tenue et leur \u00e9l\u00e9gance au fil du temps.<\/p>\n\n\n\n<p>Au sein de la Maison Didier &amp; Rosalinde, elle accompagne chaque cliente avec attention, dans une d\u00e9marche pr\u00e9cise et personnalis\u00e9e.<\/p>\n","protected":false},"excerpt":{"rendered":"<p>La Maison Didier &amp; Rosalinde accueille Mariella au sein de son \u00e9quipe. Elle aborde la coiffure avec pr\u00e9cision et sens de l\u2019\u00e9quilibre, en accordant une attention particuli\u00e8re \u00e0 la mati\u00e8re du cheveu, au mouvement et \u00e0 l\u2019harmonie g\u00e9n\u00e9rale. Son travail s\u2019inscrit dans une approche sur mesure, o\u00f9 chaque d\u00e9tail compte. Coupe, brushing ou mise en [&hellip;]<\/p>\n","protected":false},"author":2,"featured_media":4855,"comment_status":"closed","ping_status":"closed","sticky":false,"template":"","format":"standard","meta":{"_acf_changed":false,"footnotes":""},"categories":[29],"tags":[],"class_list":["post-6744","post","type-post","status-publish","format-standard","has-post-thumbnail","hentry","category-le-salon"],"acf":[],"aioseo_notices":[],"_links":{"self":[{"href":"https:\/\/didieretrosalinde.be\/fr\/wp-json\/wp\/v2\/posts\/6744","targetHints":{"allow":["GET"]}}],"collection":[{"href":"https:\/\/didieretrosalinde.be\/fr\/wp-json\/wp\/v2\/posts"}],"about":[{"href":"https:\/\/didieretrosalinde.be\/fr\/wp-json\/wp\/v2\/types\/post"}],"author":[{"embeddable":true,"href":"https:\/\/didieretrosalinde.be\/fr\/wp-json\/wp\/v2\/users\/2"}],"replies":[{"embeddable":true,"href":"https:\/\/didieretrosalinde.be\/fr\/wp-json\/wp\/v2\/comments?post=6744"}],"version-history":[{"count":1,"href":"https:\/\/didieretrosalinde.be\/fr\/wp-json\/wp\/v2\/posts\/6744\/revisions"}],"predecessor-version":[{"id":6745,"href":"https:\/\/didieretrosalinde.be\/fr\/wp-json\/wp\/v2\/posts\/6744\/revisions\/6745"}],"wp:featuredmedia":[{"embeddable":true,"href":"https:\/\/didieretrosalinde.be\/fr\/wp-json\/wp\/v2\/media\/4855"}],"wp:attachment":[{"href":"https:\/\/didieretrosalinde.be\/fr\/wp-json\/wp\/v2\/media?parent=6744"}],"wp:term":[{"taxonomy":"category","embeddable":true,"href":"https:\/\/didieretrosalinde.be\/fr\/wp-json\/wp\/v2\/categories?post=6744"},{"taxonomy":"post_tag","embeddable":true,"href":"https:\/\/didieretrosalinde.be\/fr\/wp-json\/wp\/v2\/tags?post=6744"}],"curies":[{"name":"wp","href":"https:\/\/api.w.org\/{rel}","templated":true}]}}