{"id":4836,"date":"2026-03-03T16:49:33","date_gmt":"2026-03-03T16:49:33","guid":{"rendered":"https:\/\/didieretrosalinde.be\/?p=4836"},"modified":"2026-04-16T13:25:21","modified_gmt":"2026-04-16T13:25:21","slug":"la-maison-sagrandit","status":"publish","type":"post","link":"https:\/\/didieretrosalinde.be\/fr\/la-maison-sagrandit\/","title":{"rendered":"La Maison s\u2019agrandit"},"content":{"rendered":"\n<p>Didier &amp; Rosalinde poursuit son \u00e9volution avec la m\u00eame exigence et la m\u00eame attention port\u00e9e \u00e0 la qualit\u00e9 du travail.<\/p>\n\n\n\n<p>Nous avons le plaisir d\u2019accueillir au sein de l\u2019\u00e9quipe Mariella, Daphn\u00e9 et Barbara, qui rejoignent la Maison d\u00e8s cette semaine.<\/p>\n\n\n\n<p>Leur arriv\u00e9e s\u2019inscrit naturellement dans notre volont\u00e9 de renforcer la disponibilit\u00e9 tout en pr\u00e9servant l\u2019esprit qui nous d\u00e9finit depuis toujours : pr\u00e9cision du geste, \u00e9coute attentive et accompagnement personnalis\u00e9.<\/p>\n\n\n\n<h3 class=\"wp-block-heading\">Barbara \u2013 Coloriste<\/h3>\n\n\n\n<p>Barbara exerce la coloration avec m\u00e9thode et pr\u00e9cision.<br>Sp\u00e9cialis\u00e9e dans les m\u00e8ches et les \u00e9claircissements subtils, elle recherche des r\u00e9sultats naturels, lumineux et harmonieux, dans le respect du cheveu et de sa tenue dans le temps.<\/p>\n\n\n\n<h3 class=\"wp-block-heading\">Mariella \u2013 Coiffeuse<\/h3>\n\n\n\n<p>Mariella attache une grande importance \u00e0 la structure d\u2019une coupe et \u00e0 la qualit\u00e9 du brushing.<br>Son approche repose sur la constance, la r\u00e9gularit\u00e9 et le sens du d\u00e9tail, pour des coiffures intemporelles et \u00e9quilibr\u00e9es.<\/p>\n\n\n\n<h3 class=\"wp-block-heading\">Daphn\u00e9 \u2013 Coiffeuse<\/h3>\n\n\n\n<p>Daphn\u00e9 apporte mouvement et modernit\u00e9 aux coupes.<br>Elle privil\u00e9gie le travail de texture et les coiffages souples, avec une touche de spontan\u00e9it\u00e9 ma\u00eetris\u00e9e.<\/p>\n\n\n\n<p>Avec cette \u00e9volution, la Maison continue d\u2019offrir \u00e0 ses clientes un service attentif, dans un cadre \u00e9l\u00e9gant et chaleureux au c\u0153ur de Bruxelles.<\/p>\n\n\n\n<p>Les rendez-vous sont ouverts d\u00e8s \u00e0 pr\u00e9sent.<\/p>\n","protected":false},"excerpt":{"rendered":"<p>Didier &amp; Rosalinde poursuit son \u00e9volution avec la m\u00eame exigence et la m\u00eame attention port\u00e9e \u00e0 la qualit\u00e9 du travail. Nous avons le plaisir d\u2019accueillir au sein de l\u2019\u00e9quipe Mariella, Daphn\u00e9 et Barbara, qui rejoignent la Maison d\u00e8s cette semaine. Leur arriv\u00e9e s\u2019inscrit naturellement dans notre volont\u00e9 de renforcer la disponibilit\u00e9 tout en pr\u00e9servant l\u2019esprit [&hellip;]<\/p>\n","protected":false},"author":2,"featured_media":4838,"comment_status":"closed","ping_status":"closed","sticky":false,"template":"","format":"standard","meta":{"_acf_changed":false,"footnotes":""},"categories":[29],"tags":[],"class_list":["post-4836","post","type-post","status-publish","format-standard","has-post-thumbnail","hentry","category-le-salon"],"acf":[],"aioseo_notices":[],"_links":{"self":[{"href":"https:\/\/didieretrosalinde.be\/fr\/wp-json\/wp\/v2\/posts\/4836","targetHints":{"allow":["GET"]}}],"collection":[{"href":"https:\/\/didieretrosalinde.be\/fr\/wp-json\/wp\/v2\/posts"}],"about":[{"href":"https:\/\/didieretrosalinde.be\/fr\/wp-json\/wp\/v2\/types\/post"}],"author":[{"embeddable":true,"href":"https:\/\/didieretrosalinde.be\/fr\/wp-json\/wp\/v2\/users\/2"}],"replies":[{"embeddable":true,"href":"https:\/\/didieretrosalinde.be\/fr\/wp-json\/wp\/v2\/comments?post=4836"}],"version-history":[{"count":1,"href":"https:\/\/didieretrosalinde.be\/fr\/wp-json\/wp\/v2\/posts\/4836\/revisions"}],"predecessor-version":[{"id":4837,"href":"https:\/\/didieretrosalinde.be\/fr\/wp-json\/wp\/v2\/posts\/4836\/revisions\/4837"}],"wp:featuredmedia":[{"embeddable":true,"href":"https:\/\/didieretrosalinde.be\/fr\/wp-json\/wp\/v2\/media\/4838"}],"wp:attachment":[{"href":"https:\/\/didieretrosalinde.be\/fr\/wp-json\/wp\/v2\/media?parent=4836"}],"wp:term":[{"taxonomy":"category","embeddable":true,"href":"https:\/\/didieretrosalinde.be\/fr\/wp-json\/wp\/v2\/categories?post=4836"},{"taxonomy":"post_tag","embeddable":true,"href":"https:\/\/didieretrosalinde.be\/fr\/wp-json\/wp\/v2\/tags?post=4836"}],"curies":[{"name":"wp","href":"https:\/\/api.w.org\/{rel}","templated":true}]}}